{"id":2650,"date":"2025-09-15T07:53:41","date_gmt":"2025-09-15T05:53:41","guid":{"rendered":"https:\/\/tliu.fr\/?p=2650"},"modified":"2025-09-15T15:16:18","modified_gmt":"2025-09-15T13:16:18","slug":"semaine-3-lundi-15-septembre","status":"publish","type":"post","link":"https:\/\/tliu.fr\/index.php\/2025\/09\/15\/semaine-3-lundi-15-septembre\/","title":{"rendered":"Semaine 3 (lundi 15 septembre)"},"content":{"rendered":"\n<ul class=\"wp-block-list\">\n<li><strong><mark style=\"background-color:#ffe2c7\" class=\"has-inline-color\">Rappel<\/mark><\/strong> : <mark style=\"background-color:#ffe2c7\" class=\"has-inline-color\">s\u00e9ances de soutien sup\/sp\u00e9 le mardi et jeudi (17h-18h) en L101.<\/mark><\/li>\n\n\n\n<li><strong>Cours<\/strong> : \n<ul class=\"wp-block-list\">\n<li><strong>lundi<\/strong> : Chapitre A-II Application de l&rsquo;optique g\u00e9om\u00e9trique (parties IV et V.1-4)<\/li>\n\n\n\n<li><strong>vendredi<\/strong> : <mark style=\"background-color:#ffe2c7\" class=\"has-inline-color\">Apporter le pr\u00e9TD2<\/mark> ; Chapitre A-II Application de l&rsquo;optique g\u00e9om\u00e9trique (parties V, VI)<\/li>\n<\/ul>\n<\/li>\n\n\n\n<li><strong>Travaux dirig\u00e9s<\/strong> : Lire le Pr\u00e9TD2, TD2 Ex 7, 4, 2, 3, 6<\/li>\n\n\n\n<li><strong>TP<\/strong> : TP2 Formation d&rsquo;images (Capytale : 35ca-7110158)<\/li>\n\n\n\n<li>Entra\u00eenement possible (facultatif) : fiche 1 (1.1 \u00e0 1.22), fiche 8 (8.1 \u00e0 8.7), fiche 9 (9.1 \u00e0 9.8, 9.10 \u00e0 9.16)<\/li>\n<\/ul>\n\n\n\n<p><\/p>\n\n\n\n<p><\/p>\n\n\n\n<p><\/p>\n","protected":false},"excerpt":{"rendered":"","protected":false},"author":1,"featured_media":0,"comment_status":"closed","ping_status":"open","sticky":false,"template":"","format":"standard","meta":{"om_disable_all_campaigns":false,"_monsterinsights_skip_tracking":false,"_monsterinsights_sitenote_active":false,"_monsterinsights_sitenote_note":"","_monsterinsights_sitenote_category":0,"_EventAllDay":false,"_EventTimezone":"","_EventStartDate":"","_EventEndDate":"","_EventStartDateUTC":"","_EventEndDateUTC":"","_EventShowMap":false,"_EventShowMapLink":false,"_EventURL":"","_EventCost":"","_EventCostDescription":"","_EventCurrencySymbol":"","_EventCurrencyCode":"","_EventCurrencyPosition":"","_EventDateTimeSeparator":"","_EventTimeRangeSeparator":"","_EventOrganizerID":[],"_EventVenueID":[],"_OrganizerEmail":"","_OrganizerPhone":"","_OrganizerWebsite":"","_VenueAddress":"","_VenueCity":"","_VenueCountry":"","_VenueProvince":"","_VenueState":"","_VenueZip":"","_VenuePhone":"","_VenueURL":"","_VenueStateProvince":"","_VenueLat":"","_VenueLng":"","_VenueShowMap":false,"_VenueShowMapLink":false,"footnotes":""},"categories":[14],"tags":[],"class_list":["post-2650","post","type-post","status-publish","format-standard","hentry","category-agenda"],"aioseo_notices":[],"_links":{"self":[{"href":"https:\/\/tliu.fr\/index.php\/wp-json\/wp\/v2\/posts\/2650","targetHints":{"allow":["GET"]}}],"collection":[{"href":"https:\/\/tliu.fr\/index.php\/wp-json\/wp\/v2\/posts"}],"about":[{"href":"https:\/\/tliu.fr\/index.php\/wp-json\/wp\/v2\/types\/post"}],"author":[{"embeddable":true,"href":"https:\/\/tliu.fr\/index.php\/wp-json\/wp\/v2\/users\/1"}],"replies":[{"embeddable":true,"href":"https:\/\/tliu.fr\/index.php\/wp-json\/wp\/v2\/comments?post=2650"}],"version-history":[{"count":7,"href":"https:\/\/tliu.fr\/index.php\/wp-json\/wp\/v2\/posts\/2650\/revisions"}],"predecessor-version":[{"id":2674,"href":"https:\/\/tliu.fr\/index.php\/wp-json\/wp\/v2\/posts\/2650\/revisions\/2674"}],"wp:attachment":[{"href":"https:\/\/tliu.fr\/index.php\/wp-json\/wp\/v2\/media?parent=2650"}],"wp:term":[{"taxonomy":"category","embeddable":true,"href":"https:\/\/tliu.fr\/index.php\/wp-json\/wp\/v2\/categories?post=2650"},{"taxonomy":"post_tag","embeddable":true,"href":"https:\/\/tliu.fr\/index.php\/wp-json\/wp\/v2\/tags?post=2650"}],"curies":[{"name":"wp","href":"https:\/\/api.w.org\/{rel}","templated":true}]}}